{"id":4413,"date":"2024-11-06T13:48:00","date_gmt":"2024-11-06T13:48:00","guid":{"rendered":"https:\/\/www.belenmarron.com\/liderazgo-en-tiempos-de-incertidumbre\/"},"modified":"2024-11-06T13:48:00","modified_gmt":"2024-11-06T13:48:00","slug":"liderazgo-en-tiempos-de-incertidumbre","status":"publish","type":"post","link":"https:\/\/www.belenmarron.com\/en\/liderazgo-en-tiempos-de-incertidumbre\/","title":{"rendered":"Liderazgo en tiempos de incertidumbre"},"content":{"rendered":"<div class=\"fusion-fullwidth fullwidth-box fusion-builder-row-1 fusion-flex-container nonhundred-percent-fullwidth non-hundred-percent-height-scrolling\" style=\"--awb-border-radius-top-left:0px;--awb-border-radius-top-right:0px;--awb-border-radius-bottom-right:0px;--awb-border-radius-bottom-left:0px;--awb-flex-wrap:wrap;\" ><div class=\"fusion-builder-row fusion-row fusion-flex-align-items-flex-start fusion-flex-content-wrap\" style=\"max-width:1372.8px;margin-left: calc(-4% \/ 2 );margin-right: calc(-4% \/ 2 );\"><div class=\"fusion-layout-column fusion_builder_column fusion-builder-column-0 fusion_builder_column_1_1 1_1 fusion-flex-column\" style=\"--awb-bg-size:cover;--awb-width-large:100%;--awb-margin-top-large:0px;--awb-spacing-right-large:1.92%;--awb-margin-bottom-large:0px;--awb-spacing-left-large:1.92%;--awb-width-medium:100%;--awb-spacing-right-medium:1.92%;--awb-spacing-left-medium:1.92%;--awb-width-small:100%;--awb-spacing-right-small:1.92%;--awb-spacing-left-small:1.92%;\"><div class=\"fusion-column-wrapper fusion-flex-justify-content-flex-start fusion-content-layout-column\"><div class=\"fusion-text fusion-text-1\"><p>\ud83c\udf0d Fundaci\u00f3n Liderar con Sentido Com\u00fan y <a class=\"link\" href=\"https:\/\/es.linkedin.com\/school\/unir-universidad-internet\/?trk=public_post-text\" target=\"_blank\" rel=\"noopener\" data-tracking-control-name=\"public_post-text\" data-tracking-will-navigate=\"\">Universidad Internacional de La Rioja (UNIR)<\/a> te invitan al Curso de Oto\u00f1o 2024<\/p>\n<p>\u00bfTe gustar\u00eda comprender los retos actuales de las democracias y los nuevos liderazgos necesarios para enfrentarlos? Inscr\u00edbete en el evento online:<\/p>\n<h2>Curso de Oto\u00f1o: &#8220;El KO de las democracias y los liderazgos para la reinvenci\u00f3n democr\u00e1tica&#8221;<\/h2>\n<p><a href=\"https:\/\/www.belenmarron.com\/wp-content\/uploads\/2024\/11\/Liderazgos.jpg\"><img decoding=\"async\" class=\"lazyload aligncenter size-full wp-image-4400\" src=\"https:\/\/www.belenmarron.com\/wp-content\/uploads\/2024\/11\/Liderazgos.jpg\" data-orig-src=\"https:\/\/www.belenmarron.com\/wp-content\/uploads\/2024\/11\/Liderazgos.jpg\" alt=\"Liderazgo en tiempos de incertidumbre\" width=\"506\" height=\"900\" srcset=\"data:image\/svg+xml,%3Csvg%20xmlns%3D%27http%3A%2F%2Fwww.w3.org%2F2000%2Fsvg%27%20width%3D%27506%27%20height%3D%27900%27%20viewBox%3D%270%200%20506%20900%27%3E%3Crect%20width%3D%27506%27%20height%3D%27900%27%20fill-opacity%3D%220%22%2F%3E%3C%2Fsvg%3E\" data-srcset=\"https:\/\/www.belenmarron.com\/wp-content\/uploads\/2024\/11\/Liderazgos-169x300.jpg 169w, https:\/\/www.belenmarron.com\/wp-content\/uploads\/2024\/11\/Liderazgos-200x356.jpg 200w, https:\/\/www.belenmarron.com\/wp-content\/uploads\/2024\/11\/Liderazgos-400x711.jpg 400w, https:\/\/www.belenmarron.com\/wp-content\/uploads\/2024\/11\/Liderazgos.jpg 506w\" data-sizes=\"auto\" data-orig-sizes=\"(max-width: 506px) 100vw, 506px\" \/><\/a><\/p>\n<\/div><div style=\"text-align:center;\"><a class=\"fusion-button button-flat button-xlarge button-default fusion-button-default button-1 fusion-button-default-span fusion-button-default-type\" target=\"_blank\" rel=\"noopener noreferrer\" href=\"https:\/\/masterclass.unir.net\/openclass\/curso-de-otono-el-ko-de-las-democracias-y-los-liderazgos-del-futuro.html?utm_source=offline&amp;utm_medium=evento&amp;utm_content=post&amp;utm_campaign=offlineunireu_espostlanding_Fundaci%C3%B3n_curso_oto%C3%B1o24_FLCSC_evento\"><span class=\"fusion-button-text awb-button__text awb-button__text--default\">Reserva tu plaza<\/span><\/a><\/div><div class=\"fusion-text fusion-text-2\"><p><strong>\ud83d\udcc5 Fecha: 19 y 20 de noviembre\u00a0<\/strong><\/p>\n<p><strong>\u23f0 Horario:<\/strong><\/p>\n<p>&#8211; 16:00h (Espa\u00f1a)<br \/>\n&#8211; 18:00 ( KSA)<br \/>\n&#8211; 10:00h (Colombia, Ecuador y Per\u00fa)<br \/>\n&#8211; 9:00h (M\u00e9xico)<\/p>\n<p><strong>\ud83d\udccd Formato:<\/strong><\/p>\n<p>Online (Zoom) Durante el curso que se trataran temas tan interesantes como las din\u00e1micas de poder globales, el impacto de los pr\u00f3ximos ciclos electorales, el agotamiento ciudadano frente a las instituciones, mi participaci\u00f3n se centrara en la mesa redonda donde debatiremos sobre c\u00f3mo liderar en tiempos de incertidumbre. \ud83d\udcaa \ud83c\udf93 Diploma de Asistencia Los asistentes a las dos jornadas recibir\u00e1n un diploma de participaci\u00f3n. Para obtener el diploma, es imprescindible que te inscribas con tu nombre y apellidos completos y uses la misma cuenta de correo para el acceso a Zoom en ambas jornadas.<\/p>\n<\/div><div style=\"text-align:center;\"><a class=\"fusion-button button-flat button-xlarge button-default fusion-button-default button-2 fusion-button-default-span fusion-button-default-type\" target=\"_blank\" rel=\"noopener noreferrer\" href=\"https:\/\/masterclass.unir.net\/openclass\/curso-de-otono-el-ko-de-las-democracias-y-los-liderazgos-del-futuro.html?utm_source=offline&amp;utm_medium=evento&amp;utm_content=post&amp;utm_campaign=offlineunireu_espostlanding_Fundaci%C3%B3n_curso_oto%C3%B1o24_FLCSC_evento\"><span class=\"fusion-button-text awb-button__text awb-button__text--default\">Reserva tu plaza<\/span><\/a><\/div><\/div><\/div><\/div><\/div>\n","protected":false},"excerpt":{"rendered":"","protected":false},"author":1,"featured_media":4402,"comment_status":"closed","ping_status":"closed","sticky":false,"template":"","format":"standard","meta":{"inline_featured_image":false,"_joinchat":[],"footnotes":""},"categories":[105],"tags":[],"class_list":["post-4413","post","type-post","status-publish","format-standard","has-post-thumbnail","hentry","category-blog-bm-en"],"_links":{"self":[{"href":"https:\/\/www.belenmarron.com\/en\/wp-json\/wp\/v2\/posts\/4413","targetHints":{"allow":["GET"]}}],"collection":[{"href":"https:\/\/www.belenmarron.com\/en\/wp-json\/wp\/v2\/posts"}],"about":[{"href":"https:\/\/www.belenmarron.com\/en\/wp-json\/wp\/v2\/types\/post"}],"author":[{"embeddable":true,"href":"https:\/\/www.belenmarron.com\/en\/wp-json\/wp\/v2\/users\/1"}],"replies":[{"embeddable":true,"href":"https:\/\/www.belenmarron.com\/en\/wp-json\/wp\/v2\/comments?post=4413"}],"version-history":[{"count":0,"href":"https:\/\/www.belenmarron.com\/en\/wp-json\/wp\/v2\/posts\/4413\/revisions"}],"wp:featuredmedia":[{"embeddable":true,"href":"https:\/\/www.belenmarron.com\/en\/wp-json\/wp\/v2\/media\/4402"}],"wp:attachment":[{"href":"https:\/\/www.belenmarron.com\/en\/wp-json\/wp\/v2\/media?parent=4413"}],"wp:term":[{"taxonomy":"category","embeddable":true,"href":"https:\/\/www.belenmarron.com\/en\/wp-json\/wp\/v2\/categories?post=4413"},{"taxonomy":"post_tag","embeddable":true,"href":"https:\/\/www.belenmarron.com\/en\/wp-json\/wp\/v2\/tags?post=4413"}],"curies":[{"name":"wp","href":"https:\/\/api.w.org\/{rel}","templated":true}]}}