{"id":4228,"date":"2022-06-16T17:14:52","date_gmt":"2022-06-16T17:14:52","guid":{"rendered":"https:\/\/www.belenmarron.com\/el-sector-del-lobby-de-salud-pide-una-regulacion-urgente-del-fast-track-de-terapias-digitales-de-salud\/"},"modified":"2025-04-24T08:57:24","modified_gmt":"2025-04-24T08:57:24","slug":"el-sector-del-lobby-de-salud-pide-una-regulacion-urgente-del-fast-track-de-terapias-digitales-de-salud","status":"publish","type":"post","link":"https:\/\/www.belenmarron.com\/en\/el-sector-del-lobby-de-salud-pide-una-regulacion-urgente-del-fast-track-de-terapias-digitales-de-salud\/","title":{"rendered":"El sector del lobby de salud pide una regulaci\u00f3n urgente del Fast Track de terapias digitales de salud"},"content":{"rendered":"<p>El martes 14 de junio se celebr\u00f3 en Juno House una mesa redonda bajo el nombre Lobby, Salud e Innovaci\u00f3n, donde han participado cuatro ponentes expertas en el sector, y en el que se ha tratado el impacto que tienen los lobbies en el sector de la salud, adem\u00e1s de debatir sobre la importancia de la innovaci\u00f3n como una clave de crecimiento.<\/p>\n<p>Entre las ponentes participantes se encuentra la Business Partner de la consultora de sanidad A<strong>thenea Healthcare Group<\/strong> y empresaria <strong>Bel\u00e9n Marr\u00f3n <\/strong>que, adem\u00e1s, ha actuado como moderadora. Asimismo, ha iniciado el acto con un speech sobre la situaci\u00f3n actual que atraviesa el sistema de la salud y como ha intervenido en \u00e9l la tecnolog\u00eda: \u201cLa uni\u00f3n entre el mundo tecnol\u00f3gico y el de la salud es el complemento perfecto para acelerar la investigaci\u00f3n y la mejora de los pacientes y de sus familias, pero para ello debemos promover un escenario en el que se produzcan cambios legislativos\u201d, ha se\u00f1alado.<\/p>\n<p><a href=\"https:\/\/www.belenmarron.com\/wp-content\/uploads\/2022\/06\/Belen-MArron.jpg\"><img decoding=\"async\" class=\"lazyload aligncenter size-full wp-image-1414\" src=\"https:\/\/www.belenmarron.com\/wp-content\/uploads\/2022\/06\/Belen-MArron.jpg\" data-orig-src=\"https:\/\/www.belenmarron.com\/wp-content\/uploads\/2022\/06\/Belen-MArron.jpg\" alt=\"Athenea Healthcare Group\" width=\"747\" height=\"580\" srcset=\"data:image\/svg+xml,%3Csvg%20xmlns%3D%27http%3A%2F%2Fwww.w3.org%2F2000%2Fsvg%27%20width%3D%27747%27%20height%3D%27580%27%20viewBox%3D%270%200%20747%20580%27%3E%3Crect%20width%3D%27747%27%20height%3D%27580%27%20fill-opacity%3D%220%22%2F%3E%3C%2Fsvg%3E\" data-srcset=\"https:\/\/www.belenmarron.com\/wp-content\/uploads\/2022\/06\/Belen-MArron-200x155.jpg 200w, https:\/\/www.belenmarron.com\/wp-content\/uploads\/2022\/06\/Belen-MArron-300x233.jpg 300w, https:\/\/www.belenmarron.com\/wp-content\/uploads\/2022\/06\/Belen-MArron-400x311.jpg 400w, https:\/\/www.belenmarron.com\/wp-content\/uploads\/2022\/06\/Belen-MArron-600x466.jpg 600w, https:\/\/www.belenmarron.com\/wp-content\/uploads\/2022\/06\/Belen-MArron.jpg 747w\" data-sizes=\"auto\" data-orig-sizes=\"(max-width: 747px) 100vw, 747px\" \/><\/a><\/p>\n<p>Uno de los temas destacados que se ha planteado en la mesa redonda <strong>ha sido la regulaci\u00f3n de un Fast Track \u201cpara la evaluaci\u00f3n y financiaci\u00f3n de las terapias digitales <\/strong>que permita que llegue al mercado antes de que est\u00e9n obsoletas\u201d, tal y como ha asegurado<strong> Yolanda Puiggr\u00f2s<\/strong>, Partner de <strong>RocaJunyent <\/strong>y tambi\u00e9n participante en la www.atheneahealthcare.com mesa redonda. \u201cEspa\u00f1a necesita que se regule. Alemania ya lo ha hecho con \u00e9xito y Francia est\u00e1 en ello. Ser\u00e1 la \u00fanica forma de hacer llegar de forma r\u00e1pida a los pacientes los avances tecnol\u00f3gicos a medida que se sucedan\u201d, ha reiterado.<\/p>\n<p>Tambi\u00e9n ha aportado su visi\u00f3n como ponente <strong>Mar Alarc\u00f3n<\/strong>, Partner de <a href=\"https:\/\/www.19n.eu\/\" target=\"_blank\" rel=\"noopener noreferrer\">1<strong>9N Strategies<\/strong> <\/a>-socio corporativo de la Asociaci\u00f3n de Profesionales de las Relaciones Institucionales (APRI)-, que ha puesto en valor la funci\u00f3n de los lobbistas: \u201cRealmente somos traductores, porque nuestro trabajo consiste en conseguir que la innovaci\u00f3n y la regulaci\u00f3n se entiendan. A d\u00eda de hoy necesitamos verdaderos espacios de confianza para lograr la colaboraci\u00f3n p\u00fablico-privada\u201d.<\/p>\n<p>or otro lado, <strong>Eva Rosell,<\/strong> General Manager de <a href=\"https:\/\/barcelonahealthhub.com\/\" target=\"_blank\" rel=\"noopener noreferrer\">Barcelona Health Hub<\/a>, ha indicado que est\u00e1n impulsando \u201cla transferencia tecnol\u00f3gica para cambiar el paradigma actual\u201d. \u201cAhora vamos al m\u00e9dico y le preguntamos que nos pasa, mientras que en un futuro ser\u00e1 el m\u00e9dico quien nos va a llamar y nos advertir\u00e1 de lo que nos puede pasar. Aun as\u00ed, falta colaboraci\u00f3n entre el sector p\u00fablico y privado\u201d, ha puesto como ejemplo.<\/p>\n<p>Finalmente, cabe destacar la presencia durante el acto de <strong>Meritxell Mas\u00f3<\/strong>, secretaria general del Departament de Salut de la Generalitat de Catalunya. Asimismo, todos los asistentes a la mesa redonda tambi\u00e9n han recibido un tarjet\u00f3n de regalo de cortes\u00eda de uno de los colaboradores del evento, la empresa de sal\u00f3n de peluquer\u00eda y belleza Backstage BCN.<\/p>\n<p>&nbsp;<\/p>\n<p><strong>CONOCE A LOS PARTNERS DEL ENCUENTRO<\/strong><\/p>\n<div id=\"ad-content2d74bb14da\">\n<div id=\"ad-inread-2d74bb14da\">\n<p>&nbsp;<\/p>\n<div id=\"beacon_89d3e8e4f3\"><img class=\"lazyload\" decoding=\"async\" src=\"data:image\/gif;base64,R0lGODlhAQABAAAAACH5BAEKAAEALAAAAAABAAEAAAICTAEAOw==\" data-orig-src=\"https:\/\/adserver3.bigapis.net\/www\/delivery\/lg.php?bannerid=19118&amp;campaignid=9588&amp;zoneid=1186&amp;loc=https%3A%2F%2Fwww.catalunyapress.es%2F&amp;cb=89d3e8e4f3\" alt=\"\" width=\"0\" height=\"0\" \/><\/div>\n<\/div>\n<\/div>\n<p><strong>SOBRE ATHENEA HEALTHACARE GROUP<\/strong><\/p>\n<p>Athenea Healthcare Group re\u00fane a <strong>un equipo de excelentes profesionales con una amplia experiencia en las \u00e1reas m\u00e1s esenciales y espec\u00edficas de la organizaci\u00f3n empresarial<\/strong>. Los profesionales de Athenea ya han vivido esa realidad y saben c\u00f3mo deben hacerse las cosas de manera eficaz y eficiente. Su profundo conocimiento del sector m\u00e9dico y corporativo, su importancia en la sociedad, la constante transformaci\u00f3n e innovaci\u00f3n, su compleja regulaci\u00f3n y actividad <strong>compartida entre sector p\u00fablico y privado,<\/strong> les permite entender cu\u00e1les son los problemas a los que enfrenta en su actividad diaria y qu\u00e9 soluciones necesita. \u00a0En \u00a0un mundo tan cambiante y al que debemos adaptarnos con rapidez, tanto como personas como organizaciones, t\u00e9rminos como gobernanza, diversidad, sostenibilidad, igualdad y medioambiente deben ser parte de toda identidad empresarial.<\/p>\n<p><strong>QUE ES EL 19N STRATEGIES<\/strong><\/p>\n<p><a href=\"https:\/\/www.19n.eu\/\" target=\"_blank\" rel=\"noopener noreferrer\">19N Strategies\u00a0<\/a> \u00a0es una consultora de public policy y comunicaci\u00f3n que crea espacios de confianza desde los que<strong> facilitamos el di\u00e1logo p\u00fablico-privado en el \u00e1mbito digital<\/strong> para promover la innovaci\u00f3n sostenible. Son pioneros en <strong>econom\u00eda digital <\/strong>y precursores de la econom\u00eda de plataformas desde sus inicios. Como emprendedores, conocen sus retos.<br \/>\n<strong>M\u00c1S INFORMAC\u00cdON SOBRE LA \u00a0APRI<\/strong><\/p>\n<p>APRI, es la \u00a0<a href=\"https:\/\/relacionesinstitucionales.es\" target=\"_blank\" rel=\"noopener noreferrer\">Asociaci\u00f3n de Profesionales de las Relaciones Institucionaleses <\/a>de \u00e1mbito nacional, sin fines lucrativos ni car\u00e1cter pol\u00edtico alguno. Agrupa y representa a todas aquellas personas f\u00edsicas y jur\u00eddicas que tengan como actividad profesional principal las relaciones institucionales, asuntos p\u00fablicos o lobby, entendi\u00e9ndose como tal la funci\u00f3n de trasladar intereses leg\u00edtimos a las administraciones p\u00fablicas en general y en especial a los poderes legislativos y ejecutivos tanto a nivel europeo como estatal y auton\u00f3mico. <strong>Cuenta con m\u00e1s de 100 asociados entre profesionales y empresas quienes abogan por la normalizaci\u00f3n de la actividad<\/strong> a trav\u00e9s de la creaci\u00f3n de un registro de grupos de inter\u00e9s, similar al Registro de Transparencia que ya existe ante el Parlamento y la Comisi\u00f3n Europea.<\/p>\n<p><strong>BARCELONA HEALTH HUB<\/strong><\/p>\n<p><a href=\"https:\/\/barcelonahealthhub.com\" target=\"_blank\" rel=\"noopener noreferrer\">Barcelona Health Hub<\/a> es una asociaci\u00f3n privada sin \u00e1nimo de lucro cuyo fin es generar innovaci\u00f3n en salud a trav\u00e9s de las TI, promover startups del entorno sanitario para que lleguen a la realidad sanitaria p\u00fablica y\/o privada y fomentar la interacci\u00f3n entre startups, organizaciones de salud, corporaciones e inversores para activar <strong>el cambio digital en salud.<\/strong><\/p>\n<p><strong>EL DESPACHO ROCAJUNYENT<\/strong><\/p>\n<p><a href=\"https:\/\/www.rocajunyent.com\" target=\"_blank\" rel=\"noopener noreferrer\">RocaJunyent<\/a>, es una de las primeras firmas de abogados espa\u00f1olas, cuenta con alrededor de 200 profesionales. Con m\u00e1s de 25 a\u00f1os de vida, tiene oficinas en Madrid, Barcelona, Girona y Tarragona, as\u00ed como despachos asociados en Palma de Mallorca, Lleida, M\u00e1laga, Sevilla, Bilbao, Burgos y Valladolid. Ofrece asesoramiento en todas las \u00e1reas del Derecho, destacando especialmente las de Derecho mercantil, bancario y financiero, procesal y fiscal. RocaJunyent es miembro exclusivo en Espa\u00f1a de la red internacional Terralex. El despacho cuenta con una destacada reputaci\u00f3n internacional, lo que le ha permitido ser reconocido por las m\u00e1s prestigiosas publicaciones legales, tales como Chambers &amp; Partners, Legal 500, IFLR, ITR y Leaders League.<\/p>\n<p style=\"text-align: right;\"><a href=\"https:\/\/www.catalunyapress.es\/texto-diario\/mostrar\/3795061\/sector-lobby-salud-pide-regulacion-urgente-fast-track-terapias-digitales-salud\" target=\"_blank\" rel=\"noopener\"><em><strong>Fuente<\/strong><\/em><\/a><\/p>\n","protected":false},"excerpt":{"rendered":"<p>El martes 14 de junio se celebr\u00f3 en Juno House  [&#8230;]<\/p>\n","protected":false},"author":1,"featured_media":4081,"comment_status":"closed","ping_status":"closed","sticky":false,"template":"","format":"standard","meta":{"inline_featured_image":false,"_joinchat":[],"footnotes":""},"categories":[71],"tags":[],"class_list":["post-4228","post","type-post","status-publish","format-standard","has-post-thumbnail","hentry","category-blog-bm"],"_links":{"self":[{"href":"https:\/\/www.belenmarron.com\/en\/wp-json\/wp\/v2\/posts\/4228","targetHints":{"allow":["GET"]}}],"collection":[{"href":"https:\/\/www.belenmarron.com\/en\/wp-json\/wp\/v2\/posts"}],"about":[{"href":"https:\/\/www.belenmarron.com\/en\/wp-json\/wp\/v2\/types\/post"}],"author":[{"embeddable":true,"href":"https:\/\/www.belenmarron.com\/en\/wp-json\/wp\/v2\/users\/1"}],"replies":[{"embeddable":true,"href":"https:\/\/www.belenmarron.com\/en\/wp-json\/wp\/v2\/comments?post=4228"}],"version-history":[{"count":0,"href":"https:\/\/www.belenmarron.com\/en\/wp-json\/wp\/v2\/posts\/4228\/revisions"}],"wp:featuredmedia":[{"embeddable":true,"href":"https:\/\/www.belenmarron.com\/en\/wp-json\/wp\/v2\/media\/4081"}],"wp:attachment":[{"href":"https:\/\/www.belenmarron.com\/en\/wp-json\/wp\/v2\/media?parent=4228"}],"wp:term":[{"taxonomy":"category","embeddable":true,"href":"https:\/\/www.belenmarron.com\/en\/wp-json\/wp\/v2\/categories?post=4228"},{"taxonomy":"post_tag","embeddable":true,"href":"https:\/\/www.belenmarron.com\/en\/wp-json\/wp\/v2\/tags?post=4228"}],"curies":[{"name":"wp","href":"https:\/\/api.w.org\/{rel}","templated":true}]}}