{"id":4226,"date":"2022-09-26T09:48:22","date_gmt":"2022-09-26T09:48:22","guid":{"rendered":"https:\/\/www.belenmarron.com\/consequencies-el-rastre-dels-aiguats-a-tarragona\/"},"modified":"2022-09-26T09:48:22","modified_gmt":"2022-09-26T09:48:22","slug":"consequencies-el-rastre-dels-aiguats-a-tarragona","status":"publish","type":"post","link":"https:\/\/www.belenmarron.com\/en\/consequencies-el-rastre-dels-aiguats-a-tarragona\/","title":{"rendered":"Conseq\u00fc\u00e8ncies | El rastre dels aiguats a Tarragona"},"content":{"rendered":"<p>A Tarragona encaren el primer dia feiner despr\u00e9s dels forts aiguats que van caure la tarda de divendres. Encara no hi ha valoraci\u00f3 oficial de danys, per\u00f2 l&#8217;afectaci\u00f3 \u00e9s ben visible a diversos punts de la ciutat i de la comarca del Tarragon\u00e8s.<\/p>\n<div style=\"width: 100%; padding-top: 64%; position: relative; border-bottom: 1px solid #aaa; display: inline-block; background: rgba(255,255,255,0.9);\">\n<p><iframe style=\"width: 100%; height: 90%; position: absolute; left: 0; top: 0; overflow: hidden; border: none; background-color: transparent;\" src=\"https:\/\/secure-embed.rtve.es\/drmn\/embed\/video\/6700238\" name=\"A Tarragona encaren el primer dia feiner despr\u00e9s dels forts aiguats de divendres\" scrolling=\"no\" allowfullscreen=\"allowfullscreen\"><\/iframe><\/p>\n<div style=\"position: absolute; bottom: 0; left: 0; font-family: arial,helvetica,sans-serif; font-size: 12px; line-height: 1.833; display: inline-block; padding: 5px 0 5px 10px;\"><span style=\"float: left; margin-right: 10px;\"> <img class=\"lazyload\" decoding=\"async\" style=\"height: 20px; width: auto; background: transparent; padding: 0; margin: 0;\" src=\"data:image\/gif;base64,R0lGODlhAQABAAAAACH5BAEKAAEALAAAAAABAAEAAAICTAEAOw==\" data-orig-src=\"https:\/\/img2.rtve.es\/css\/rtve.commons\/rtve.header.footer\/i\/logoRTVEes.png\" alt=\"\" \/> <\/span> <a style=\"color: #333; font-weight: bold;\" title=\"A Tarragona encaren el primer dia feiner despr\u00e9s dels forts aiguats de divendres\" href=\"https:\/\/www.rtve.es\/play\/videos\/linformatiu\/tarragona-valoracio-danys\/6700238\/\"> <strong>A Tarragona encaren el primer dia feiner despr\u00e9s dels forts aiguats de divendres<\/strong> <\/a><\/div>\n<\/div>\n<p>Mentre que els ve\u00efns contacten amb les seves assegurances per les indemnitzacions, els equipaments esportius com el Club de Tenis Tarragona o el Club de Vela diuen que han patit uns danys molt copiosos a les seves instal\u00b7lacions i que trigaran mesos a refer-se. Asseguren que aquests poden superar el mig mili\u00f3 d&#8217;euros. &#8220;La riera va passar per sobre i tenim instal\u00b7lacions que no podrem recuperar&#8221;, ha explicat David Alonso, gerent de l&#8217;entitat. El temporal els ha fet malb\u00e9 vuit pistes de tennis, vuit de p\u00e0del, les d&#8217;esquaix, un gimn\u00e0s, oficines i vestuaris.<\/p>\n<p>Paral\u00b7lelament, l&#8217;escola El Miracle de Tarragona i la municipal d&#8217;Altafulla han pogut obrir portes amb normalitat tot i que la primera, ha hagut de tancar un pati per l&#8217;esllavissament d&#8217;un dels seus murs. La direcci\u00f3 del centre espera que els desperfectes es puguin arreglar aviat.<\/p>\n<p>Tamb\u00e9 a Cala Romana, l&#8217;associaci\u00f3 de ve\u00efns es queixa d&#8217;una riera mal canalitzada i d&#8217;unes inundacions. Belen Marr\u00f3n, ve\u00efna de la localitat: &#8220;Exigim que s&#8217;arregli tota la infraestructura de la riera&#8221;.<\/p>\n<p>Mentrestant, els serveis de neteja de Tarragona continuen treballant per retirar la runa de les zones p\u00fabliques.<\/p>\n<p>&nbsp;<\/p>\n<p style=\"text-align: right;\"><em><a href=\"https:\/\/www.rtve.es\/television\/20220926\/tarragona-valoracio-danys\/2403737.shtml\" target=\"_blank\" rel=\"noopener\">Font<\/a><\/em><\/p>\n<p>&nbsp;<\/p>\n<div style=\"position: static !important;\"><\/div>\n<div style=\"position: static !important;\"><\/div>\n<div style=\"position: static !important;\"><\/div>\n","protected":false},"excerpt":{"rendered":"<p>A Tarragona encaren el primer dia feiner despr\u00e9s dels forts  [&#8230;]<\/p>\n","protected":false},"author":1,"featured_media":4083,"comment_status":"closed","ping_status":"closed","sticky":false,"template":"","format":"standard","meta":{"inline_featured_image":false,"_joinchat":[],"footnotes":""},"categories":[105],"tags":[],"class_list":["post-4226","post","type-post","status-publish","format-standard","has-post-thumbnail","hentry","category-blog-bm-en"],"_links":{"self":[{"href":"https:\/\/www.belenmarron.com\/en\/wp-json\/wp\/v2\/posts\/4226","targetHints":{"allow":["GET"]}}],"collection":[{"href":"https:\/\/www.belenmarron.com\/en\/wp-json\/wp\/v2\/posts"}],"about":[{"href":"https:\/\/www.belenmarron.com\/en\/wp-json\/wp\/v2\/types\/post"}],"author":[{"embeddable":true,"href":"https:\/\/www.belenmarron.com\/en\/wp-json\/wp\/v2\/users\/1"}],"replies":[{"embeddable":true,"href":"https:\/\/www.belenmarron.com\/en\/wp-json\/wp\/v2\/comments?post=4226"}],"version-history":[{"count":0,"href":"https:\/\/www.belenmarron.com\/en\/wp-json\/wp\/v2\/posts\/4226\/revisions"}],"wp:featuredmedia":[{"embeddable":true,"href":"https:\/\/www.belenmarron.com\/en\/wp-json\/wp\/v2\/media\/4083"}],"wp:attachment":[{"href":"https:\/\/www.belenmarron.com\/en\/wp-json\/wp\/v2\/media?parent=4226"}],"wp:term":[{"taxonomy":"category","embeddable":true,"href":"https:\/\/www.belenmarron.com\/en\/wp-json\/wp\/v2\/categories?post=4226"},{"taxonomy":"post_tag","embeddable":true,"href":"https:\/\/www.belenmarron.com\/en\/wp-json\/wp\/v2\/tags?post=4226"}],"curies":[{"name":"wp","href":"https:\/\/api.w.org\/{rel}","templated":true}]}}