{"id":4222,"date":"2023-08-28T09:55:26","date_gmt":"2023-08-28T09:55:26","guid":{"rendered":"https:\/\/www.belenmarron.com\/athenea-healthcare-group-lempresa-que-cuida-a-qui-ens-cuida\/"},"modified":"2023-08-28T09:55:26","modified_gmt":"2023-08-28T09:55:26","slug":"athenea-healthcare-group-lempresa-que-cuida-a-qui-ens-cuida","status":"publish","type":"post","link":"https:\/\/www.belenmarron.com\/en\/athenea-healthcare-group-lempresa-que-cuida-a-qui-ens-cuida\/","title":{"rendered":"Athenea Healthcare Group, l\u2019empresa que cuida a qui ens cuida"},"content":{"rendered":"<div class=\"post-top\"><\/div>\n<p>Arxius de Tarragona Responsable \u2022 R\u00e0dio Ciutat de Tarragona<\/p>\n<p><a href=\"https:\/\/www.belenmarron.com\/wp-content\/uploads\/2023\/08\/Tarragona-Responsable.jpg\"><img decoding=\"async\" class=\"lazyload aligncenter size-full wp-image-1488\" src=\"https:\/\/www.belenmarron.com\/wp-content\/uploads\/2023\/08\/Tarragona-Responsable.jpg\" data-orig-src=\"https:\/\/www.belenmarron.com\/wp-content\/uploads\/2023\/08\/Tarragona-Responsable.jpg\" alt=\"Tarragona Responsable\" width=\"324\" height=\"321\" srcset=\"data:image\/svg+xml,%3Csvg%20xmlns%3D%27http%3A%2F%2Fwww.w3.org%2F2000%2Fsvg%27%20width%3D%27324%27%20height%3D%27321%27%20viewBox%3D%270%200%20324%20321%27%3E%3Crect%20width%3D%27324%27%20height%3D%27321%27%20fill-opacity%3D%220%22%2F%3E%3C%2Fsvg%3E\" data-srcset=\"https:\/\/www.belenmarron.com\/wp-content\/uploads\/2023\/08\/Tarragona-Responsable-66x66.jpg 66w, https:\/\/www.belenmarron.com\/wp-content\/uploads\/2023\/08\/Tarragona-Responsable-150x150.jpg 150w, https:\/\/www.belenmarron.com\/wp-content\/uploads\/2023\/08\/Tarragona-Responsable-200x198.jpg 200w, https:\/\/www.belenmarron.com\/wp-content\/uploads\/2023\/08\/Tarragona-Responsable-300x297.jpg 300w, https:\/\/www.belenmarron.com\/wp-content\/uploads\/2023\/08\/Tarragona-Responsable.jpg 324w\" data-sizes=\"auto\" data-orig-sizes=\"(max-width: 324px) 100vw, 324px\" \/><\/a><\/p>\n<p>Encetem l\u2019espai Tarragona Responsable parlant amb la tarragonina Bel\u00e9n Marr\u00f3n, fundadora de l\u2019empresa Athenea Healthcare Group, per endinsar-nos en la seva activitat i con\u00e8ixer l\u2019\u00e0nima d\u2019una empresa dedicada al servei i gesti\u00f3 de la salut en diferents \u00e0mbits, una tasca que en aquest any de pand\u00e8mia encara ha agafat m\u00e9s rellev\u00e0ncia social. Com ens cuiden? Com cuiden a qui ens cuida? Marr\u00f3n ens contestar\u00e0 a aquesta i a moltes altres preguntes i amb ella farem un recorregut per l\u2019empresa a trav\u00e9s de l\u2019empatia, posant als clients en primera persona. Coneixem el comprom\u00eds, la tasca i els valors d\u2019Athenea Healtcare Group i descobrirem quin \u00e9s el seu paper per ajudar a construir una Tarragona m\u00e9s responsable. Bel\u00e9n Marr\u00f3n, fundadora d\u2019Athenea Healthcare Group <u><\/u><u><\/u><\/p>\n<div class=\"post-content space-img\">\n<div class=\"node__content clearfix\">\n<p style=\"text-align: center;\"><a href=\"https:\/\/podcasts.apple.com\/es\/podcast\/arxius-de-tarragona-responsable-r%C3%A0dio-ciutat-de-tarragona\/id1574078081?i=1000527004124\" target=\"_blank\" rel=\"noopener\"><em><strong>Escuchar en Apple Podcasts<\/strong><\/em><\/a><\/p>\n<\/div>\n<\/div>\n","protected":false},"excerpt":{"rendered":"<p>Arxius de Tarragona Responsable \u2022 R\u00e0dio Ciutat de Tarragona Encetem  [&#8230;]<\/p>\n","protected":false},"author":1,"featured_media":4086,"comment_status":"closed","ping_status":"closed","sticky":false,"template":"","format":"standard","meta":{"inline_featured_image":false,"_joinchat":[],"footnotes":""},"categories":[105],"tags":[],"class_list":["post-4222","post","type-post","status-publish","format-standard","has-post-thumbnail","hentry","category-blog-bm-en"],"_links":{"self":[{"href":"https:\/\/www.belenmarron.com\/en\/wp-json\/wp\/v2\/posts\/4222","targetHints":{"allow":["GET"]}}],"collection":[{"href":"https:\/\/www.belenmarron.com\/en\/wp-json\/wp\/v2\/posts"}],"about":[{"href":"https:\/\/www.belenmarron.com\/en\/wp-json\/wp\/v2\/types\/post"}],"author":[{"embeddable":true,"href":"https:\/\/www.belenmarron.com\/en\/wp-json\/wp\/v2\/users\/1"}],"replies":[{"embeddable":true,"href":"https:\/\/www.belenmarron.com\/en\/wp-json\/wp\/v2\/comments?post=4222"}],"version-history":[{"count":0,"href":"https:\/\/www.belenmarron.com\/en\/wp-json\/wp\/v2\/posts\/4222\/revisions"}],"wp:featuredmedia":[{"embeddable":true,"href":"https:\/\/www.belenmarron.com\/en\/wp-json\/wp\/v2\/media\/4086"}],"wp:attachment":[{"href":"https:\/\/www.belenmarron.com\/en\/wp-json\/wp\/v2\/media?parent=4222"}],"wp:term":[{"taxonomy":"category","embeddable":true,"href":"https:\/\/www.belenmarron.com\/en\/wp-json\/wp\/v2\/categories?post=4222"},{"taxonomy":"post_tag","embeddable":true,"href":"https:\/\/www.belenmarron.com\/en\/wp-json\/wp\/v2\/tags?post=4222"}],"curies":[{"name":"wp","href":"https:\/\/api.w.org\/{rel}","templated":true}]}}